{"id":507,"date":"2025-01-13T18:13:59","date_gmt":"2025-01-13T18:13:59","guid":{"rendered":"https:\/\/www.seguroscred.com\/?p=507"},"modified":"2025-01-13T18:14:00","modified_gmt":"2025-01-13T18:14:00","slug":"lidl-busca-gestora-de-loja-lideranca-que-faz-a-diferenca","status":"publish","type":"post","link":"https:\/\/www.seguroscred.com\/pt\/lidl-busca-gestora-de-loja-lideranca-que-faz-a-diferenca\/","title":{"rendered":"Lidl Busca Gestor(a) de Loja: Lideran\u00e7a que Faz a Diferen\u00e7a"},"content":{"rendered":"\n<p>O Lidl, l\u00edder no setor de retalho alimentar em Portugal, procura gestores(as) de loja din\u00e2micos e motivados para integrar a sua equipa. Esta oportunidade oferece um <b>ambiente de trabalho desafiante<\/b> e estimulante, com foco no desenvolvimento profissional e na lideran\u00e7a eficaz. Os candidatos selecionados ter\u00e3o a oportunidade de fazer parte de uma empresa em crescimento, contribuindo diretamente para o seu sucesso.<\/p>\n\n\n\n<p>Como gestor(a) de loja no Lidl, voc\u00ea ter\u00e1 a chance de impulsionar as vendas, liderar uma equipa dedicada e estabelecer uma forte conex\u00e3o com os clientes. Com uma s\u00f3lida compreens\u00e3o das melhores pr\u00e1ticas em retalho alimentar e uma paix\u00e3o por servir a comunidade, voc\u00ea desempenhar\u00e1 um papel crucial no cont\u00ednuo crescimento e sucesso da nossa rede de lojas.<\/p>\n\n\n\n<h3 class=\"wp-block-heading\">Principais Destaques:<\/h3>\n\n\n\n<ul class=\"wp-block-list\">\n<li>Oportunidade de lideran\u00e7a desafiadora e gratificante em uma empresa de retalho alimentar l\u00edder<\/li>\n\n\n\n<li>Ambiente de trabalho din\u00e2mico e estimulante, com foco no desenvolvimento profissional<\/li>\n\n\n\n<li>Contribuir diretamente para o sucesso de uma rede de lojas em expans\u00e3o<\/li>\n\n\n\n<li>Desenvolver habilidades de gest\u00e3o e lideran\u00e7a essenciais para a sua carreira<\/li>\n\n\n\n<li>Fazer parte de uma equipa dedicada e comprometida com a excel\u00eancia no atendimento ao cliente<\/li>\n<\/ul>\n\n\n\n<h2 class=\"wp-block-heading\">O Papel do Gestor(a) de Loja no Lidl<\/h2>\n\n\n\n<p>No Lidl, o gestor(a) de loja desempenha um papel fundamental no sucesso di\u00e1rio da opera\u00e7\u00e3o. Com responsabilidades que v\u00e3o desde a gest\u00e3o de equipas at\u00e9 a otimiza\u00e7\u00e3o de processos, estes profissionais s\u00e3o pe\u00e7as-chave na <em>Cultura Empresarial Lidl<\/em> e nas <em>Oportunidades de Lideran\u00e7a Lidl<\/em>.<\/p>\n\n\n\n<h3 class=\"wp-block-heading\">Responsabilidades Principais<\/h3>\n\n\n\n<p>O gestor(a) de loja \u00e9 respons\u00e1vel por liderar a sua equipa, garantindo a efici\u00eancia dos processos e a manuten\u00e7\u00e3o dos padr\u00f5es de qualidade. Isso inclui a gest\u00e3o de stocks, a organiza\u00e7\u00e3o da loja e a intera\u00e7\u00e3o constante com os clientes, sempre com foco em resultados.<\/p>\n\n\n\n<h3 class=\"wp-block-heading\">Compet\u00eancias Necess\u00e1rias<\/h3>\n\n\n\n<p>Para desempenhar esse papel de forma excelente, o Lidl procura profissionais com fortes habilidades de lideran\u00e7a, comunica\u00e7\u00e3o eficaz e resolu\u00e7\u00e3o de problemas. Al\u00e9m disso, a capacidade de trabalhar sob press\u00e3o e a orienta\u00e7\u00e3o para resultados s\u00e3o essenciais nessa fun\u00e7\u00e3o.<\/p>\n\n\n\n<h2 class=\"wp-block-heading\">Import\u00e2ncia da Lideran\u00e7a Eficaz<\/h2>\n\n\n\n<p>A <em>lideran\u00e7a eficaz<\/em> \u00e9 fundamental para o sucesso das lojas Lidl. Um bom gestor(a) inspira e motiva a sua equipa, promovendo um <em>ambiente de trabalho desafiante<\/em> e produtivo. Isto reflete-se diretamente na satisfa\u00e7\u00e3o dos clientes, na qualidade do servi\u00e7o e nos resultados da loja.<\/p>\n\n\n\n<h3 class=\"wp-block-heading\">Impacto na Equipa<\/h3>\n\n\n\n<p>Quando a lideran\u00e7a \u00e9 eficaz, a equipa sente-se valorizada e empenhada em alcan\u00e7ar os objetivos da loja. Um l\u00edder que demonstra <em>desenvolvimento de compet\u00eancias de lideran\u00e7a<\/em> consegue criar um ambiente de trabalho positivo, onde os colaboradores se sentem motivados e apoiados para dar o seu melhor.<\/p>\n\n\n\n<h3 class=\"wp-block-heading\">Rela\u00e7\u00e3o com os Clientes<\/h3>\n\n\n\n<p>O impacto da lideran\u00e7a eficaz estende-se tamb\u00e9m \u00e0 forma como os clientes experienciam a loja. Equipas motivadas e comprometidas oferecem um servi\u00e7o excepcional, refletindo a cultura de excel\u00eancia promovida pelo gestor(a). Assim, a lideran\u00e7a eficaz contribui para a fideliza\u00e7\u00e3o dos clientes e para a imagem de qualidade da Lidl.<\/p>\n\n\n\n<h2 class=\"wp-block-heading\">O Processo de Candidatura<\/h2>\n\n\n\n<p>O processo de candidatura para gestor(a) de loja na Lidl \u00e9 rigoroso e abrangente, compreendendo v\u00e1rias etapas que avaliam as habilidades e o alinhamento dos candidatos com os valores da empresa. Isto inclui testes online, entrevistas individuais e avalia\u00e7\u00f5es de grupo, onde os candidatos t\u00eam a oportunidade de demonstrar seu potencial de lideran\u00e7a, capacidade de adapta\u00e7\u00e3o e forte identifica\u00e7\u00e3o com a cultura da Lidl.<\/p>\n\n\n\n<h3 class=\"wp-block-heading\">O Que Esperar da Sele\u00e7\u00e3o<\/h3>\n\n\n\n<figure class=\"wp-block-image size-full\"><img fetchpriority=\"high\" decoding=\"async\" width=\"650\" height=\"450\" src=\"https:\/\/www.seguroscred.com\/wp-content\/uploads\/2025\/01\/Lidl-Busca-Gestora-de-Loja-Lideranca-que-Faz-a-Diferenca-02.png\" alt=\"Lideran\u00e7a que Faz a Diferen\u00e7a\" class=\"wp-image-559\" srcset=\"https:\/\/www.seguroscred.com\/wp-content\/uploads\/2025\/01\/Lidl-Busca-Gestora-de-Loja-Lideranca-que-Faz-a-Diferenca-02.png 650w, https:\/\/www.seguroscred.com\/wp-content\/uploads\/2025\/01\/Lidl-Busca-Gestora-de-Loja-Lideranca-que-Faz-a-Diferenca-02-300x208.png 300w\" sizes=\"(max-width: 650px) 100vw, 650px\" \/><figcaption class=\"wp-element-caption\">Lideran\u00e7a que Faz a Diferen\u00e7a<\/figcaption><\/figure>\n\n\n\n<p>Os candidatos bem-sucedidos neste processo comprovam sua capacidade de liderar equipes, tomar decis\u00f5es estrat\u00e9gicas e garantir a excel\u00eancia no atendimento aos clientes. A Lidl busca profissionais que possam inspirar e motivar suas equipes, al\u00e9m de serem resilientes e capazes de lidar com os desafios do setor de retalho.<\/p>\n\n\n\n<h3 class=\"wp-block-heading\">Dicas para uma Candidatura de Sucesso<\/h3>\n\n\n\n<p>Para se destacar neste processo seletivo, \u00e9 fundamental que os candidatos demonstrem profundo conhecimento do neg\u00f3cio da Lidl, alinhamento com a sua miss\u00e3o e valores, e habilidades comprovadas em gest\u00e3o de pessoas e opera\u00e7\u00f5es. Al\u00e9m disso, a capacidade de comunica\u00e7\u00e3o eficaz, pensamento estrat\u00e9gico e foco no cliente s\u00e3o atributos valiosos.<\/p>\n\n\n\n<h3 class=\"wp-block-heading\">Oportunidades de Crescimento na Lidl<\/h3>\n\n\n\n<p>A Lidl oferece aos seus colaboradores um pacote atrativo de benef\u00edcios e amplas oportunidades de progress\u00e3o profissional. Ao ingressar na empresa como gestor(a) de loja, os profissionais t\u00eam a chance de impulsionar sua <strong>Progress\u00e3o Profissional em Retalho<\/strong>, al\u00e9m de desfrutar de <strong>Benef\u00edcios e Compensa\u00e7\u00f5es Lidl<\/strong> competitivos, que incentivam o desenvolvimento cont\u00ednuo de suas habilidades.<\/p>\n\n\n\n<div class=\"wp-block-buttons is-layout-flex wp-block-buttons-is-layout-flex\">\n<div class=\"wp-block-button has-custom-width wp-block-button__width-100\"><a class=\"wp-block-button__link has-vivid-red-background-color has-background wp-element-button\" href=\"https:\/\/www.seguroscred.com\/category\/empregos\/\">Mais Vagas de Emprego<\/a><\/div>\n<\/div>\n\n\n\n<h2 class=\"wp-block-heading\">Links<\/h2>\n\n\n\n<ul class=\"wp-block-list\">\n<li><a href=\"https:\/\/empregos.lidl.pt\/como-ser-teamlidl\/lojas-e-vendas\/gestor-a-de-loja\">https:\/\/empregos.lidl.pt\/como-ser-teamlidl\/lojas-e-vendas\/gestor-a-de-loja<\/a><\/li>\n<\/ul>\n","protected":false},"excerpt":{"rendered":"<p>O Lidl, l\u00edder no setor de retalho alimentar em Portugal, procura gestores(as) de loja din\u00e2micos e motivados para integrar a [&hellip;]<\/p>\n","protected":false},"author":1,"featured_media":558,"comment_status":"open","ping_status":"open","sticky":false,"template":"","format":"standard","meta":{"site-sidebar-layout":"default","site-content-layout":"","ast-site-content-layout":"","site-content-style":"default","site-sidebar-style":"default","ast-global-header-display":"","ast-banner-title-visibility":"","ast-main-header-display":"","ast-hfb-above-header-display":"","ast-hfb-below-header-display":"","ast-hfb-mobile-header-display":"","site-post-title":"","ast-breadcrumbs-content":"","ast-featured-img":"","footer-sml-layout":"","theme-transparent-header-meta":"","adv-header-id-meta":"","stick-header-meta":"","header-above-stick-meta":"","header-main-stick-meta":"","header-below-stick-meta":"","astra-migrate-meta-layouts":"default","ast-page-background-enabled":"default","ast-page-background-meta":{"desktop":{"background-color":"var(--ast-global-color-5)","background-image":"","background-repeat":"repeat","background-position":"center center","background-size":"auto","background-attachment":"scroll","background-type":"","background-media":"","overlay-type":"","overlay-color":"","overlay-opacity":"","overlay-gradient":""},"tablet":{"background-color":"","background-image":"","background-repeat":"repeat","background-position":"center center","background-size":"auto","background-attachment":"scroll","background-type":"","background-media":"","overlay-type":"","overlay-color":"","overlay-opacity":"","overlay-gradient":""},"mobile":{"background-color":"","background-image":"","background-repeat":"repeat","background-position":"center center","background-size":"auto","background-attachment":"scroll","background-type":"","background-media":"","overlay-type":"","overlay-color":"","overlay-opacity":"","overlay-gradient":""}},"ast-content-background-meta":{"desktop":{"background-color":"var(--ast-global-color-4)","background-image":"","background-repeat":"repeat","background-position":"center center","background-size":"auto","background-attachment":"scroll","background-type":"","background-media":"","overlay-type":"","overlay-color":"","overlay-opacity":"","overlay-gradient":""},"tablet":{"background-color":"var(--ast-global-color-4)","background-image":"","background-repeat":"repeat","background-position":"center center","background-size":"auto","background-attachment":"scroll","background-type":"","background-media":"","overlay-type":"","overlay-color":"","overlay-opacity":"","overlay-gradient":""},"mobile":{"background-color":"var(--ast-global-color-4)","background-image":"","background-repeat":"repeat","background-position":"center center","background-size":"auto","background-attachment":"scroll","background-type":"","background-media":"","overlay-type":"","overlay-color":"","overlay-opacity":"","overlay-gradient":""}},"footnotes":""},"categories":[2,24],"tags":[206,205,203,204,27],"class_list":["post-507","post","type-post","status-publish","format-standard","has-post-thumbnail","hentry","category-empregos","category-ofertas-de-trabalho","tag-gestora-de-loja-na-lidl","tag-lideranca-em-supermercados","tag-lidl-recruta-gestor-de-loja","tag-oportunidade-na-lidl-portugal","tag-vagas-de-emprego-na-lidl"],"yoast_head":"<!-- This site is optimized with the Yoast SEO plugin v24.6 - https:\/\/yoast.com\/wordpress\/plugins\/seo\/ -->\n<title>Lidl Busca Gestor(a) de Loja: Lideran\u00e7a que Faz a Diferen\u00e7a<\/title>\n<meta name=\"description\" content=\"Lidl Busca Gestor(a) de Loja: Lideran\u00e7a que Faz a Diferen\u00e7a. Descubra a oportunidade de carreira no Lidl Busca Gestor(a) de Loja.\" \/>\n<meta name=\"robots\" content=\"index, follow, max-snippet:-1, max-image-preview:large, max-video-preview:-1\" \/>\n<link rel=\"canonical\" href=\"https:\/\/www.seguroscred.com\/pt\/lidl-busca-gestora-de-loja-lideranca-que-faz-a-diferenca\/\" \/>\n<meta property=\"og:locale\" content=\"pt_BR\" \/>\n<meta property=\"og:type\" content=\"article\" \/>\n<meta property=\"og:title\" content=\"Lidl Busca Gestor(a) de Loja: Lideran\u00e7a que Faz a Diferen\u00e7a\" \/>\n<meta property=\"og:description\" content=\"Lidl Busca Gestor(a) de Loja: Lideran\u00e7a que Faz a Diferen\u00e7a. Descubra a oportunidade de carreira no Lidl Busca Gestor(a) de Loja.\" \/>\n<meta property=\"og:url\" content=\"https:\/\/www.seguroscred.com\/pt\/lidl-busca-gestora-de-loja-lideranca-que-faz-a-diferenca\/\" \/>\n<meta property=\"article:published_time\" content=\"2025-01-13T18:13:59+00:00\" \/>\n<meta property=\"article:modified_time\" content=\"2025-01-13T18:14:00+00:00\" \/>\n<meta property=\"og:image\" content=\"https:\/\/www.seguroscred.com\/wp-content\/uploads\/2025\/01\/Lidl-Busca-Gestora-de-Loja-Lideranca-que-Faz-a-Diferenca-01.png\" \/>\n\t<meta property=\"og:image:width\" content=\"650\" \/>\n\t<meta property=\"og:image:height\" content=\"450\" \/>\n\t<meta property=\"og:image:type\" content=\"image\/png\" \/>\n<meta name=\"author\" content=\"seguroscred\" \/>\n<meta name=\"twitter:card\" content=\"summary_large_image\" \/>\n<meta name=\"twitter:label1\" content=\"Escrito por\" \/>\n\t<meta name=\"twitter:data1\" content=\"seguroscred\" \/>\n\t<meta name=\"twitter:label2\" content=\"Est. tempo de leitura\" \/>\n\t<meta name=\"twitter:data2\" content=\"5 minutos\" \/>\n<script type=\"application\/ld+json\" class=\"yoast-schema-graph\">{\"@context\":\"https:\/\/schema.org\",\"@graph\":[{\"@type\":\"WebPage\",\"@id\":\"https:\/\/www.seguroscred.com\/lidl-busca-gestora-de-loja-lideranca-que-faz-a-diferenca\/\",\"url\":\"https:\/\/www.seguroscred.com\/lidl-busca-gestora-de-loja-lideranca-que-faz-a-diferenca\/\",\"name\":\"Lidl Busca Gestor(a) de Loja: Lideran\u00e7a que Faz a Diferen\u00e7a\",\"isPartOf\":{\"@id\":\"https:\/\/www.seguroscred.com\/#website\"},\"primaryImageOfPage\":{\"@id\":\"https:\/\/www.seguroscred.com\/lidl-busca-gestora-de-loja-lideranca-que-faz-a-diferenca\/#primaryimage\"},\"image\":{\"@id\":\"https:\/\/www.seguroscred.com\/lidl-busca-gestora-de-loja-lideranca-que-faz-a-diferenca\/#primaryimage\"},\"thumbnailUrl\":\"https:\/\/www.seguroscred.com\/wp-content\/uploads\/2025\/01\/Lidl-Busca-Gestora-de-Loja-Lideranca-que-Faz-a-Diferenca-01.png\",\"datePublished\":\"2025-01-13T18:13:59+00:00\",\"dateModified\":\"2025-01-13T18:14:00+00:00\",\"author\":{\"@id\":\"https:\/\/www.seguroscred.com\/#\/schema\/person\/a1e7e2218b37e136925bebb5bc5bdefe\"},\"description\":\"Lidl Busca Gestor(a) de Loja: Lideran\u00e7a que Faz a Diferen\u00e7a. Descubra a oportunidade de carreira no Lidl Busca Gestor(a) de Loja.\",\"breadcrumb\":{\"@id\":\"https:\/\/www.seguroscred.com\/lidl-busca-gestora-de-loja-lideranca-que-faz-a-diferenca\/#breadcrumb\"},\"inLanguage\":\"pt-BR\",\"potentialAction\":[{\"@type\":\"ReadAction\",\"target\":[\"https:\/\/www.seguroscred.com\/lidl-busca-gestora-de-loja-lideranca-que-faz-a-diferenca\/\"]}]},{\"@type\":\"ImageObject\",\"inLanguage\":\"pt-BR\",\"@id\":\"https:\/\/www.seguroscred.com\/lidl-busca-gestora-de-loja-lideranca-que-faz-a-diferenca\/#primaryimage\",\"url\":\"https:\/\/www.seguroscred.com\/wp-content\/uploads\/2025\/01\/Lidl-Busca-Gestora-de-Loja-Lideranca-que-Faz-a-Diferenca-01.png\",\"contentUrl\":\"https:\/\/www.seguroscred.com\/wp-content\/uploads\/2025\/01\/Lidl-Busca-Gestora-de-Loja-Lideranca-que-Faz-a-Diferenca-01.png\",\"width\":650,\"height\":450},{\"@type\":\"BreadcrumbList\",\"@id\":\"https:\/\/www.seguroscred.com\/lidl-busca-gestora-de-loja-lideranca-que-faz-a-diferenca\/#breadcrumb\",\"itemListElement\":[{\"@type\":\"ListItem\",\"position\":1,\"name\":\"Home\",\"item\":\"https:\/\/www.seguroscred.com\/\"},{\"@type\":\"ListItem\",\"position\":2,\"name\":\"Lidl Busca Gestor(a) de Loja: Lideran\u00e7a que Faz a Diferen\u00e7a\"}]},{\"@type\":\"WebSite\",\"@id\":\"https:\/\/www.seguroscred.com\/#website\",\"url\":\"https:\/\/www.seguroscred.com\/\",\"name\":\"\",\"description\":\"\",\"potentialAction\":[{\"@type\":\"SearchAction\",\"target\":{\"@type\":\"EntryPoint\",\"urlTemplate\":\"https:\/\/www.seguroscred.com\/?s={search_term_string}\"},\"query-input\":{\"@type\":\"PropertyValueSpecification\",\"valueRequired\":true,\"valueName\":\"search_term_string\"}}],\"inLanguage\":\"pt-BR\"},{\"@type\":\"Person\",\"@id\":\"https:\/\/www.seguroscred.com\/#\/schema\/person\/a1e7e2218b37e136925bebb5bc5bdefe\",\"name\":\"seguroscred\",\"image\":{\"@type\":\"ImageObject\",\"inLanguage\":\"pt-BR\",\"@id\":\"https:\/\/www.seguroscred.com\/#\/schema\/person\/image\/\",\"url\":\"https:\/\/secure.gravatar.com\/avatar\/bdfb867082b0cabbd7e23769f8f132f6?s=96&d=mm&r=g\",\"contentUrl\":\"https:\/\/secure.gravatar.com\/avatar\/bdfb867082b0cabbd7e23769f8f132f6?s=96&d=mm&r=g\",\"caption\":\"seguroscred\"},\"sameAs\":[\"http:\/\/www.seguroscred.com\"],\"url\":\"https:\/\/www.seguroscred.com\/pt\/author\/seguroscred\/\"}]}<\/script>\n<!-- \/ Yoast SEO plugin. -->","yoast_head_json":{"title":"Lidl Busca Gestor(a) de Loja: Lideran\u00e7a que Faz a Diferen\u00e7a","description":"Lidl Busca Gestor(a) de Loja: Lideran\u00e7a que Faz a Diferen\u00e7a. Descubra a oportunidade de carreira no Lidl Busca Gestor(a) de Loja.","robots":{"index":"index","follow":"follow","max-snippet":"max-snippet:-1","max-image-preview":"max-image-preview:large","max-video-preview":"max-video-preview:-1"},"canonical":"https:\/\/www.seguroscred.com\/pt\/lidl-busca-gestora-de-loja-lideranca-que-faz-a-diferenca\/","og_locale":"pt_BR","og_type":"article","og_title":"Lidl Busca Gestor(a) de Loja: Lideran\u00e7a que Faz a Diferen\u00e7a","og_description":"Lidl Busca Gestor(a) de Loja: Lideran\u00e7a que Faz a Diferen\u00e7a. Descubra a oportunidade de carreira no Lidl Busca Gestor(a) de Loja.","og_url":"https:\/\/www.seguroscred.com\/pt\/lidl-busca-gestora-de-loja-lideranca-que-faz-a-diferenca\/","article_published_time":"2025-01-13T18:13:59+00:00","article_modified_time":"2025-01-13T18:14:00+00:00","og_image":[{"width":650,"height":450,"url":"https:\/\/www.seguroscred.com\/wp-content\/uploads\/2025\/01\/Lidl-Busca-Gestora-de-Loja-Lideranca-que-Faz-a-Diferenca-01.png","type":"image\/png"}],"author":"seguroscred","twitter_card":"summary_large_image","twitter_misc":{"Escrito por":"seguroscred","Est. tempo de leitura":"5 minutos"},"schema":{"@context":"https:\/\/schema.org","@graph":[{"@type":"WebPage","@id":"https:\/\/www.seguroscred.com\/lidl-busca-gestora-de-loja-lideranca-que-faz-a-diferenca\/","url":"https:\/\/www.seguroscred.com\/lidl-busca-gestora-de-loja-lideranca-que-faz-a-diferenca\/","name":"Lidl Busca Gestor(a) de Loja: Lideran\u00e7a que Faz a Diferen\u00e7a","isPartOf":{"@id":"https:\/\/www.seguroscred.com\/#website"},"primaryImageOfPage":{"@id":"https:\/\/www.seguroscred.com\/lidl-busca-gestora-de-loja-lideranca-que-faz-a-diferenca\/#primaryimage"},"image":{"@id":"https:\/\/www.seguroscred.com\/lidl-busca-gestora-de-loja-lideranca-que-faz-a-diferenca\/#primaryimage"},"thumbnailUrl":"https:\/\/www.seguroscred.com\/wp-content\/uploads\/2025\/01\/Lidl-Busca-Gestora-de-Loja-Lideranca-que-Faz-a-Diferenca-01.png","datePublished":"2025-01-13T18:13:59+00:00","dateModified":"2025-01-13T18:14:00+00:00","author":{"@id":"https:\/\/www.seguroscred.com\/#\/schema\/person\/a1e7e2218b37e136925bebb5bc5bdefe"},"description":"Lidl Busca Gestor(a) de Loja: Lideran\u00e7a que Faz a Diferen\u00e7a. Descubra a oportunidade de carreira no Lidl Busca Gestor(a) de Loja.","breadcrumb":{"@id":"https:\/\/www.seguroscred.com\/lidl-busca-gestora-de-loja-lideranca-que-faz-a-diferenca\/#breadcrumb"},"inLanguage":"pt-BR","potentialAction":[{"@type":"ReadAction","target":["https:\/\/www.seguroscred.com\/lidl-busca-gestora-de-loja-lideranca-que-faz-a-diferenca\/"]}]},{"@type":"ImageObject","inLanguage":"pt-BR","@id":"https:\/\/www.seguroscred.com\/lidl-busca-gestora-de-loja-lideranca-que-faz-a-diferenca\/#primaryimage","url":"https:\/\/www.seguroscred.com\/wp-content\/uploads\/2025\/01\/Lidl-Busca-Gestora-de-Loja-Lideranca-que-Faz-a-Diferenca-01.png","contentUrl":"https:\/\/www.seguroscred.com\/wp-content\/uploads\/2025\/01\/Lidl-Busca-Gestora-de-Loja-Lideranca-que-Faz-a-Diferenca-01.png","width":650,"height":450},{"@type":"BreadcrumbList","@id":"https:\/\/www.seguroscred.com\/lidl-busca-gestora-de-loja-lideranca-que-faz-a-diferenca\/#breadcrumb","itemListElement":[{"@type":"ListItem","position":1,"name":"Home","item":"https:\/\/www.seguroscred.com\/"},{"@type":"ListItem","position":2,"name":"Lidl Busca Gestor(a) de Loja: Lideran\u00e7a que Faz a Diferen\u00e7a"}]},{"@type":"WebSite","@id":"https:\/\/www.seguroscred.com\/#website","url":"https:\/\/www.seguroscred.com\/","name":"","description":"","potentialAction":[{"@type":"SearchAction","target":{"@type":"EntryPoint","urlTemplate":"https:\/\/www.seguroscred.com\/?s={search_term_string}"},"query-input":{"@type":"PropertyValueSpecification","valueRequired":true,"valueName":"search_term_string"}}],"inLanguage":"pt-BR"},{"@type":"Person","@id":"https:\/\/www.seguroscred.com\/#\/schema\/person\/a1e7e2218b37e136925bebb5bc5bdefe","name":"seguroscred","image":{"@type":"ImageObject","inLanguage":"pt-BR","@id":"https:\/\/www.seguroscred.com\/#\/schema\/person\/image\/","url":"https:\/\/secure.gravatar.com\/avatar\/bdfb867082b0cabbd7e23769f8f132f6?s=96&d=mm&r=g","contentUrl":"https:\/\/secure.gravatar.com\/avatar\/bdfb867082b0cabbd7e23769f8f132f6?s=96&d=mm&r=g","caption":"seguroscred"},"sameAs":["http:\/\/www.seguroscred.com"],"url":"https:\/\/www.seguroscred.com\/pt\/author\/seguroscred\/"}]}},"_links":{"self":[{"href":"https:\/\/www.seguroscred.com\/pt\/wp-json\/wp\/v2\/posts\/507","targetHints":{"allow":["GET"]}}],"collection":[{"href":"https:\/\/www.seguroscred.com\/pt\/wp-json\/wp\/v2\/posts"}],"about":[{"href":"https:\/\/www.seguroscred.com\/pt\/wp-json\/wp\/v2\/types\/post"}],"author":[{"embeddable":true,"href":"https:\/\/www.seguroscred.com\/pt\/wp-json\/wp\/v2\/users\/1"}],"replies":[{"embeddable":true,"href":"https:\/\/www.seguroscred.com\/pt\/wp-json\/wp\/v2\/comments?post=507"}],"version-history":[{"count":2,"href":"https:\/\/www.seguroscred.com\/pt\/wp-json\/wp\/v2\/posts\/507\/revisions"}],"predecessor-version":[{"id":561,"href":"https:\/\/www.seguroscred.com\/pt\/wp-json\/wp\/v2\/posts\/507\/revisions\/561"}],"wp:featuredmedia":[{"embeddable":true,"href":"https:\/\/www.seguroscred.com\/pt\/wp-json\/wp\/v2\/media\/558"}],"wp:attachment":[{"href":"https:\/\/www.seguroscred.com\/pt\/wp-json\/wp\/v2\/media?parent=507"}],"wp:term":[{"taxonomy":"category","embeddable":true,"href":"https:\/\/www.seguroscred.com\/pt\/wp-json\/wp\/v2\/categories?post=507"},{"taxonomy":"post_tag","embeddable":true,"href":"https:\/\/www.seguroscred.com\/pt\/wp-json\/wp\/v2\/tags?post=507"}],"curies":[{"name":"wp","href":"https:\/\/api.w.org\/{rel}","templated":true}]}}