{"id":518,"date":"2024-12-23T18:26:52","date_gmt":"2024-12-23T18:26:52","guid":{"rendered":"https:\/\/www.seguroscred.com\/?p=518"},"modified":"2024-12-23T18:26:53","modified_gmt":"2024-12-23T18:26:53","slug":"minipreco-busca-profissionais-de-marketing","status":"publish","type":"post","link":"https:\/\/www.seguroscred.com\/pt\/minipreco-busca-profissionais-de-marketing\/","title":{"rendered":"Minipre\u00e7o Busca Profissionais de Marketing"},"content":{"rendered":"\n<p>O Minipre\u00e7o, uma das principais cadeias de retalho alimentar em Portugal, est\u00e1 atualmente a recrutar profissionais de marketing para expandir a sua equipa. Esta iniciativa visa fortalecer a presen\u00e7a da marca no mercado e impulsionar estrat\u00e9gias inovadoras de marketing. As novas oportunidades abrangem diversas \u00e1reas do marketing, desde gest\u00e3o de produto at\u00e9 promo\u00e7\u00e3o de vendas.<\/p>\n\n\n\n<p>Esta \u00e9 uma excelente oportunidade para aqueles que procuram construir uma carreira em marketing no setor de retalho alimentar. O Minipre\u00e7o, conhecido pela sua efici\u00eancia e inova\u00e7\u00e3o, oferece um ambiente estimulante e oportunidades de desenvolvimento profissional.<\/p>\n\n\n\n<h3 class=\"wp-block-heading\">Principais Destaques:<\/h3>\n\n\n\n<ul class=\"wp-block-list\">\n<li>O Minipre\u00e7o est\u00e1 a procurar profissionais de marketing para refor\u00e7ar a sua equipa.<\/li>\n\n\n\n<li>As oportunidades abrangem diversas \u00e1reas do marketing, desde gest\u00e3o de produto at\u00e9 promo\u00e7\u00e3o de vendas.<\/li>\n\n\n\n<li>A empresa procura profissionais com habilidades e conhecimentos relevantes no setor de retalho alimentar.<\/li>\n\n\n\n<li>O Minipre\u00e7o oferece um ambiente de trabalho estimulante e oportunidades de desenvolvimento profissional.<\/li>\n\n\n\n<li>Esta \u00e9 uma chance de impulsionar a carreira em marketing no din\u00e2mico setor de retalho em Portugal.<\/li>\n<\/ul>\n\n\n\n<h2 class=\"wp-block-heading\">Oportunidades de Carreira em Marketing na Minipre\u00e7o<\/h2>\n\n\n\n<p>A Minipre\u00e7o, uma das principais redes de supermercados em Portugal, oferece diversas <em>Oportunidades Profissionais Minipre\u00e7o<\/em> na \u00e1rea de marketing. Estas vagas abrangem uma ampla gama de fun\u00e7\u00f5es, desde a <em>Gest\u00e3o de Produto<\/em> at\u00e9 \u00e0 <em>Promo\u00e7\u00e3o de Vendas<\/em>, proporcionando emocionantes oportunidades de carreira para profissionais talentosos.<\/p>\n\n\n\n<h3 class=\"wp-block-heading\">Vagas Dispon\u00edveis e Requisitos<\/h3>\n\n\n\n<p>A Minipre\u00e7o procura candidatos com forma\u00e7\u00e3o em marketing, comunica\u00e7\u00e3o ou \u00e1reas relacionadas, bem como experi\u00eancia relevante no setor. As <em>Ofertas de Trabalho em Promo\u00e7\u00e3o de Vendas<\/em> exigem habilidades em an\u00e1lise de dados e implementa\u00e7\u00e3o de estrat\u00e9gias promocionais eficazes. J\u00e1 os <em>Empregos em Gest\u00e3o de Produto<\/em> requerem conhecimento em desenvolvimento de produtos, gest\u00e3o de marca e an\u00e1lise de tend\u00eancias de mercado.<\/p>\n\n\n\n<h3 class=\"wp-block-heading\">\u00c1reas de Foco no Marketing<\/h3>\n\n\n\n<p>As equipas de marketing da Minipre\u00e7o concentram-se em \u00e1reas-chave, como a defini\u00e7\u00e3o de estrat\u00e9gias de pre\u00e7os competitivos, a conce\u00e7\u00e3o de campanhas promocionais atrativas e a gest\u00e3o da imagem de marca da empresa. Estas atividades desempenham um papel crucial no fortalecimento da posi\u00e7\u00e3o da Minipre\u00e7o no mercado retalhista.<\/p>\n\n\n\n<h3 class=\"wp-block-heading\">Benef\u00edcios de Trabalhar na Minipre\u00e7o<\/h3>\n\n\n\n<p>Ao integrar a equipa de marketing da Minipre\u00e7o, os profissionais t\u00eam a oportunidade de impulsionar o crescimento da empresa, gozar de oportunidades de progress\u00e3o na carreira e participar num ambiente de trabalho din\u00e2mico e estimulante no setor de retalho.<\/p>\n\n\n\n<h2 class=\"wp-block-heading\">O Papel do Marketing nas Empresas de Retalho<\/h2>\n\n\n\n<figure class=\"wp-block-image size-full\"><img fetchpriority=\"high\" decoding=\"async\" width=\"650\" height=\"450\" src=\"https:\/\/www.seguroscred.com\/wp-content\/uploads\/2024\/12\/Minipreco-Busca-Profissionais-de-Marketing.png\" alt=\"Minipre\u00e7o Busca Profissionais de Marketing\n\" class=\"wp-image-524\" srcset=\"https:\/\/www.seguroscred.com\/wp-content\/uploads\/2024\/12\/Minipreco-Busca-Profissionais-de-Marketing.png 650w, https:\/\/www.seguroscred.com\/wp-content\/uploads\/2024\/12\/Minipreco-Busca-Profissionais-de-Marketing-300x208.png 300w\" sizes=\"(max-width: 650px) 100vw, 650px\" \/><figcaption class=\"wp-element-caption\">Minipre\u00e7o Busca Profissionais de Marketing\n<\/figcaption><\/figure>\n\n\n\n<p>O marketing desempenha um papel essencial nas empresas de retalho, como o Minipre\u00e7o. Estrat\u00e9gias de marketing eficazes envolvem desde o <em>merchandising<\/em> criativo at\u00e9 programas de fideliza\u00e7\u00e3o de clientes e a\u00e7\u00f5es de marketing digital personalizadas. Estas abordagens t\u00eam um impacto significativo nas vendas, aumentando a notoriedade da marca e a lealdade dos clientes.<\/p>\n\n\n\n<h3 class=\"wp-block-heading\">Estrat\u00e9gias de Marketing Eficazes<\/h3>\n\n\n\n<p>No setor do retalho, o <em>merchandising<\/em> \u00e9 uma pe\u00e7a-chave para atrair a aten\u00e7\u00e3o dos clientes e destacar os produtos. Atrav\u00e9s de uma exibi\u00e7\u00e3o cuidadosa e apelativa dos artigos nas lojas, as empresas como o Minipre\u00e7o conseguem impulsionar as vendas. Al\u00e9m disso, os programas de fideliza\u00e7\u00e3o e as a\u00e7\u00f5es de <em>marketing<\/em> digital personalizado ajudam a manter uma rela\u00e7\u00e3o pr\u00f3xima com os clientes, refor\u00e7ando a sua liga\u00e7\u00e3o \u00e0 marca.<\/p>\n\n\n\n<h3 class=\"wp-block-heading\">Impacto nas Vendas e Fideliza\u00e7\u00e3o de Clientes<\/h3>\n\n\n\n<p>Estas estrat\u00e9gias de <em>marketing<\/em> t\u00eam um efeito direto no desempenho das empresas de retalho. Ao refor\u00e7ar a <em>Progress\u00e3o Profissional em Retalho<\/em> e a <em>Fun\u00e7\u00e3o em Merchandising e Trade Marketing<\/em>, o Minipre\u00e7o consegue aumentar as vendas e fidelizar os seus clientes, tornando-se uma escolha preferencial no mercado. O <em>trade marketing<\/em> tamb\u00e9m desempenha um papel crucial na optimiza\u00e7\u00e3o da presen\u00e7a dos produtos nas lojas, melhorando a experi\u00eancia de compra.<\/p>\n\n\n\n<h2 class=\"wp-block-heading\">Como Se Preparar para uma Carreira em Marketing<\/h2>\n\n\n\n<p>Para uma carreira de sucesso em marketing no retalho, \u00e9 essencial ter a forma\u00e7\u00e3o adequada. Recomenda-se cursos em marketing, gest\u00e3o ou \u00e1reas afins, que permitir\u00e3o adquirir conhecimentos s\u00f3lidos nesta \u00e1rea. Al\u00e9m disso, o desenvolvimento de compet\u00eancias espec\u00edficas, como an\u00e1lise de dados, marketing digital e gest\u00e3o de projetos, ser\u00e1 de grande valia.<\/p>\n\n\n\n<h3 class=\"wp-block-heading\">Forma\u00e7\u00e3o e Qualifica\u00e7\u00f5es Recomendadas<\/h3>\n\n\n\n<p>Uma s\u00f3lida forma\u00e7\u00e3o acad\u00e9mica em \u00e1reas como marketing, gest\u00e3o de empresas ou comunica\u00e7\u00e3o ser\u00e1 um ativo importante para qualquer profissional que deseje ingressar na carreira de marketing no setor do retalho. Cursos de p\u00f3s-gradua\u00e7\u00e3o ou mestrados nestas \u00e1reas podem tamb\u00e9m fornecer uma vantagem competitiva.<\/p>\n\n\n\n<h3 class=\"wp-block-heading\">Desenvolvimento de Compet\u00eancias e Networking<\/h3>\n\n\n\n<p>Al\u00e9m da forma\u00e7\u00e3o formal, \u00e9 essencial desenvolver compet\u00eancias pr\u00e1ticas e manter uma rede de contactos profissionais no setor do retalho. A participa\u00e7\u00e3o em eventos, confer\u00eancias e workshops do setor pode ser uma excelente oportunidade para expandir a rede de contactos e aprender com os l\u00edderes de mercado. Plataformas profissionais online tamb\u00e9m podem ajudar a construir uma presen\u00e7a no setor.<\/p>\n\n\n\n<h3 class=\"wp-block-heading\">Dicas para o Processo de Sele\u00e7\u00e3o<\/h3>\n\n\n\n<p>No processo de sele\u00e7\u00e3o, \u00e9 importante destacar as experi\u00eancias relevantes, demonstrar um profundo conhecimento do setor de retalho e apresentar ideias inovadoras para o marketing da Minipre\u00e7o. Al\u00e9m disso, a capacidade de comunicar de forma clara e eficaz, tanto na entrevista como na apresenta\u00e7\u00e3o de propostas, ser\u00e1 fundamental para se destacar entre os candidatos.<\/p>\n\n\n\n<div class=\"wp-block-buttons is-layout-flex wp-block-buttons-is-layout-flex\">\n<div class=\"wp-block-button has-custom-width wp-block-button__width-100\"><a class=\"wp-block-button__link has-vivid-red-background-color has-background wp-element-button\" href=\"https:\/\/www.seguroscred.com\/category\/empregos\/\">Mais Vagas de Emprego<\/a><\/div>\n<\/div>\n\n\n\n<h2 class=\"wp-block-heading\">Links<\/h2>\n\n\n\n<ul class=\"wp-block-list\">\n<li><a href=\"https:\/\/www.minipreco.pt\/recrutamento\">https:\/\/www.minipreco.pt\/recrutamento<\/a><\/li>\n<\/ul>\n","protected":false},"excerpt":{"rendered":"<p>O Minipre\u00e7o, uma das principais cadeias de retalho alimentar em Portugal, est\u00e1 atualmente a recrutar profissionais de marketing para expandir [&hellip;]<\/p>\n","protected":false},"author":1,"featured_media":523,"comment_status":"open","ping_status":"open","sticky":false,"template":"","format":"standard","meta":{"site-sidebar-layout":"default","site-content-layout":"","ast-site-content-layout":"","site-content-style":"default","site-sidebar-style":"default","ast-global-header-display":"","ast-banner-title-visibility":"","ast-main-header-display":"","ast-hfb-above-header-display":"","ast-hfb-below-header-display":"","ast-hfb-mobile-header-display":"","site-post-title":"","ast-breadcrumbs-content":"","ast-featured-img":"","footer-sml-layout":"","theme-transparent-header-meta":"","adv-header-id-meta":"","stick-header-meta":"","header-above-stick-meta":"","header-main-stick-meta":"","header-below-stick-meta":"","astra-migrate-meta-layouts":"default","ast-page-background-enabled":"default","ast-page-background-meta":{"desktop":{"background-color":"var(--ast-global-color-5)","background-image":"","background-repeat":"repeat","background-position":"center center","background-size":"auto","background-attachment":"scroll","background-type":"","background-media":"","overlay-type":"","overlay-color":"","overlay-opacity":"","overlay-gradient":""},"tablet":{"background-color":"","background-image":"","background-repeat":"repeat","background-position":"center center","background-size":"auto","background-attachment":"scroll","background-type":"","background-media":"","overlay-type":"","overlay-color":"","overlay-opacity":"","overlay-gradient":""},"mobile":{"background-color":"","background-image":"","background-repeat":"repeat","background-position":"center center","background-size":"auto","background-attachment":"scroll","background-type":"","background-media":"","overlay-type":"","overlay-color":"","overlay-opacity":"","overlay-gradient":""}},"ast-content-background-meta":{"desktop":{"background-color":"var(--ast-global-color-4)","background-image":"","background-repeat":"repeat","background-position":"center center","background-size":"auto","background-attachment":"scroll","background-type":"","background-media":"","overlay-type":"","overlay-color":"","overlay-opacity":"","overlay-gradient":""},"tablet":{"background-color":"var(--ast-global-color-4)","background-image":"","background-repeat":"repeat","background-position":"center center","background-size":"auto","background-attachment":"scroll","background-type":"","background-media":"","overlay-type":"","overlay-color":"","overlay-opacity":"","overlay-gradient":""},"mobile":{"background-color":"var(--ast-global-color-4)","background-image":"","background-repeat":"repeat","background-position":"center center","background-size":"auto","background-attachment":"scroll","background-type":"","background-media":"","overlay-type":"","overlay-color":"","overlay-opacity":"","overlay-gradient":""}},"footnotes":""},"categories":[2,24],"tags":[167,246,74,75,244,168,245,247],"class_list":["post-518","post","type-post","status-publish","format-standard","has-post-thumbnail","hentry","category-empregos","category-ofertas-de-trabalho","tag-carreiras-em-marketing","tag-emprego-em-marketing","tag-estrategias-de-marketing","tag-marketing-digital","tag-minipreco-marketing","tag-oportunidades-em-marketing","tag-profissionais-de-marketing","tag-varejo-e-marketing"],"yoast_head":"<!-- This site is optimized with the Yoast SEO plugin v24.6 - https:\/\/yoast.com\/wordpress\/plugins\/seo\/ -->\n<title>Minipre\u00e7o Busca Profissionais de Marketing<\/title>\n<meta name=\"description\" content=\"Minipre\u00e7o Busca Profissionais de Marketing. Descubra as novas oportunidades em marketing no Minipre\u00e7o e impulsione sua carreira no setor.\" \/>\n<meta name=\"robots\" content=\"index, follow, max-snippet:-1, max-image-preview:large, max-video-preview:-1\" \/>\n<link rel=\"canonical\" href=\"https:\/\/www.seguroscred.com\/pt\/minipreco-busca-profissionais-de-marketing\/\" \/>\n<meta property=\"og:locale\" content=\"pt_BR\" \/>\n<meta property=\"og:type\" content=\"article\" \/>\n<meta property=\"og:title\" content=\"Minipre\u00e7o Busca Profissionais de Marketing\" \/>\n<meta property=\"og:description\" content=\"Minipre\u00e7o Busca Profissionais de Marketing. Descubra as novas oportunidades em marketing no Minipre\u00e7o e impulsione sua carreira no setor.\" \/>\n<meta property=\"og:url\" content=\"https:\/\/www.seguroscred.com\/pt\/minipreco-busca-profissionais-de-marketing\/\" \/>\n<meta property=\"article:published_time\" content=\"2024-12-23T18:26:52+00:00\" \/>\n<meta property=\"article:modified_time\" content=\"2024-12-23T18:26:53+00:00\" \/>\n<meta property=\"og:image\" content=\"https:\/\/www.seguroscred.com\/wp-content\/uploads\/2024\/12\/Minipreco-Busca-Profissionais-de-Marketing-1.png\" \/>\n\t<meta property=\"og:image:width\" content=\"650\" \/>\n\t<meta property=\"og:image:height\" content=\"450\" \/>\n\t<meta property=\"og:image:type\" content=\"image\/png\" \/>\n<meta name=\"author\" content=\"seguroscred\" \/>\n<meta name=\"twitter:card\" content=\"summary_large_image\" \/>\n<meta name=\"twitter:label1\" content=\"Escrito por\" \/>\n\t<meta name=\"twitter:data1\" content=\"seguroscred\" \/>\n\t<meta name=\"twitter:label2\" content=\"Est. tempo de leitura\" \/>\n\t<meta name=\"twitter:data2\" content=\"5 minutos\" \/>\n<script type=\"application\/ld+json\" class=\"yoast-schema-graph\">{\"@context\":\"https:\/\/schema.org\",\"@graph\":[{\"@type\":\"WebPage\",\"@id\":\"https:\/\/www.seguroscred.com\/minipreco-busca-profissionais-de-marketing\/\",\"url\":\"https:\/\/www.seguroscred.com\/minipreco-busca-profissionais-de-marketing\/\",\"name\":\"Minipre\u00e7o Busca Profissionais de Marketing\",\"isPartOf\":{\"@id\":\"https:\/\/www.seguroscred.com\/#website\"},\"primaryImageOfPage\":{\"@id\":\"https:\/\/www.seguroscred.com\/minipreco-busca-profissionais-de-marketing\/#primaryimage\"},\"image\":{\"@id\":\"https:\/\/www.seguroscred.com\/minipreco-busca-profissionais-de-marketing\/#primaryimage\"},\"thumbnailUrl\":\"https:\/\/www.seguroscred.com\/wp-content\/uploads\/2024\/12\/Minipreco-Busca-Profissionais-de-Marketing-1.png\",\"datePublished\":\"2024-12-23T18:26:52+00:00\",\"dateModified\":\"2024-12-23T18:26:53+00:00\",\"author\":{\"@id\":\"https:\/\/www.seguroscred.com\/#\/schema\/person\/a1e7e2218b37e136925bebb5bc5bdefe\"},\"description\":\"Minipre\u00e7o Busca Profissionais de Marketing. Descubra as novas oportunidades em marketing no Minipre\u00e7o e impulsione sua carreira no setor.\",\"breadcrumb\":{\"@id\":\"https:\/\/www.seguroscred.com\/minipreco-busca-profissionais-de-marketing\/#breadcrumb\"},\"inLanguage\":\"pt-BR\",\"potentialAction\":[{\"@type\":\"ReadAction\",\"target\":[\"https:\/\/www.seguroscred.com\/minipreco-busca-profissionais-de-marketing\/\"]}]},{\"@type\":\"ImageObject\",\"inLanguage\":\"pt-BR\",\"@id\":\"https:\/\/www.seguroscred.com\/minipreco-busca-profissionais-de-marketing\/#primaryimage\",\"url\":\"https:\/\/www.seguroscred.com\/wp-content\/uploads\/2024\/12\/Minipreco-Busca-Profissionais-de-Marketing-1.png\",\"contentUrl\":\"https:\/\/www.seguroscred.com\/wp-content\/uploads\/2024\/12\/Minipreco-Busca-Profissionais-de-Marketing-1.png\",\"width\":650,\"height\":450},{\"@type\":\"BreadcrumbList\",\"@id\":\"https:\/\/www.seguroscred.com\/minipreco-busca-profissionais-de-marketing\/#breadcrumb\",\"itemListElement\":[{\"@type\":\"ListItem\",\"position\":1,\"name\":\"Home\",\"item\":\"https:\/\/www.seguroscred.com\/\"},{\"@type\":\"ListItem\",\"position\":2,\"name\":\"Minipre\u00e7o Busca Profissionais de Marketing\"}]},{\"@type\":\"WebSite\",\"@id\":\"https:\/\/www.seguroscred.com\/#website\",\"url\":\"https:\/\/www.seguroscred.com\/\",\"name\":\"\",\"description\":\"\",\"potentialAction\":[{\"@type\":\"SearchAction\",\"target\":{\"@type\":\"EntryPoint\",\"urlTemplate\":\"https:\/\/www.seguroscred.com\/?s={search_term_string}\"},\"query-input\":{\"@type\":\"PropertyValueSpecification\",\"valueRequired\":true,\"valueName\":\"search_term_string\"}}],\"inLanguage\":\"pt-BR\"},{\"@type\":\"Person\",\"@id\":\"https:\/\/www.seguroscred.com\/#\/schema\/person\/a1e7e2218b37e136925bebb5bc5bdefe\",\"name\":\"seguroscred\",\"image\":{\"@type\":\"ImageObject\",\"inLanguage\":\"pt-BR\",\"@id\":\"https:\/\/www.seguroscred.com\/#\/schema\/person\/image\/\",\"url\":\"https:\/\/secure.gravatar.com\/avatar\/bdfb867082b0cabbd7e23769f8f132f6?s=96&d=mm&r=g\",\"contentUrl\":\"https:\/\/secure.gravatar.com\/avatar\/bdfb867082b0cabbd7e23769f8f132f6?s=96&d=mm&r=g\",\"caption\":\"seguroscred\"},\"sameAs\":[\"http:\/\/www.seguroscred.com\"],\"url\":\"https:\/\/www.seguroscred.com\/pt\/author\/seguroscred\/\"}]}<\/script>\n<!-- \/ Yoast SEO plugin. -->","yoast_head_json":{"title":"Minipre\u00e7o Busca Profissionais de Marketing","description":"Minipre\u00e7o Busca Profissionais de Marketing. Descubra as novas oportunidades em marketing no Minipre\u00e7o e impulsione sua carreira no setor.","robots":{"index":"index","follow":"follow","max-snippet":"max-snippet:-1","max-image-preview":"max-image-preview:large","max-video-preview":"max-video-preview:-1"},"canonical":"https:\/\/www.seguroscred.com\/pt\/minipreco-busca-profissionais-de-marketing\/","og_locale":"pt_BR","og_type":"article","og_title":"Minipre\u00e7o Busca Profissionais de Marketing","og_description":"Minipre\u00e7o Busca Profissionais de Marketing. Descubra as novas oportunidades em marketing no Minipre\u00e7o e impulsione sua carreira no setor.","og_url":"https:\/\/www.seguroscred.com\/pt\/minipreco-busca-profissionais-de-marketing\/","article_published_time":"2024-12-23T18:26:52+00:00","article_modified_time":"2024-12-23T18:26:53+00:00","og_image":[{"width":650,"height":450,"url":"https:\/\/www.seguroscred.com\/wp-content\/uploads\/2024\/12\/Minipreco-Busca-Profissionais-de-Marketing-1.png","type":"image\/png"}],"author":"seguroscred","twitter_card":"summary_large_image","twitter_misc":{"Escrito por":"seguroscred","Est. tempo de leitura":"5 minutos"},"schema":{"@context":"https:\/\/schema.org","@graph":[{"@type":"WebPage","@id":"https:\/\/www.seguroscred.com\/minipreco-busca-profissionais-de-marketing\/","url":"https:\/\/www.seguroscred.com\/minipreco-busca-profissionais-de-marketing\/","name":"Minipre\u00e7o Busca Profissionais de Marketing","isPartOf":{"@id":"https:\/\/www.seguroscred.com\/#website"},"primaryImageOfPage":{"@id":"https:\/\/www.seguroscred.com\/minipreco-busca-profissionais-de-marketing\/#primaryimage"},"image":{"@id":"https:\/\/www.seguroscred.com\/minipreco-busca-profissionais-de-marketing\/#primaryimage"},"thumbnailUrl":"https:\/\/www.seguroscred.com\/wp-content\/uploads\/2024\/12\/Minipreco-Busca-Profissionais-de-Marketing-1.png","datePublished":"2024-12-23T18:26:52+00:00","dateModified":"2024-12-23T18:26:53+00:00","author":{"@id":"https:\/\/www.seguroscred.com\/#\/schema\/person\/a1e7e2218b37e136925bebb5bc5bdefe"},"description":"Minipre\u00e7o Busca Profissionais de Marketing. Descubra as novas oportunidades em marketing no Minipre\u00e7o e impulsione sua carreira no setor.","breadcrumb":{"@id":"https:\/\/www.seguroscred.com\/minipreco-busca-profissionais-de-marketing\/#breadcrumb"},"inLanguage":"pt-BR","potentialAction":[{"@type":"ReadAction","target":["https:\/\/www.seguroscred.com\/minipreco-busca-profissionais-de-marketing\/"]}]},{"@type":"ImageObject","inLanguage":"pt-BR","@id":"https:\/\/www.seguroscred.com\/minipreco-busca-profissionais-de-marketing\/#primaryimage","url":"https:\/\/www.seguroscred.com\/wp-content\/uploads\/2024\/12\/Minipreco-Busca-Profissionais-de-Marketing-1.png","contentUrl":"https:\/\/www.seguroscred.com\/wp-content\/uploads\/2024\/12\/Minipreco-Busca-Profissionais-de-Marketing-1.png","width":650,"height":450},{"@type":"BreadcrumbList","@id":"https:\/\/www.seguroscred.com\/minipreco-busca-profissionais-de-marketing\/#breadcrumb","itemListElement":[{"@type":"ListItem","position":1,"name":"Home","item":"https:\/\/www.seguroscred.com\/"},{"@type":"ListItem","position":2,"name":"Minipre\u00e7o Busca Profissionais de Marketing"}]},{"@type":"WebSite","@id":"https:\/\/www.seguroscred.com\/#website","url":"https:\/\/www.seguroscred.com\/","name":"","description":"","potentialAction":[{"@type":"SearchAction","target":{"@type":"EntryPoint","urlTemplate":"https:\/\/www.seguroscred.com\/?s={search_term_string}"},"query-input":{"@type":"PropertyValueSpecification","valueRequired":true,"valueName":"search_term_string"}}],"inLanguage":"pt-BR"},{"@type":"Person","@id":"https:\/\/www.seguroscred.com\/#\/schema\/person\/a1e7e2218b37e136925bebb5bc5bdefe","name":"seguroscred","image":{"@type":"ImageObject","inLanguage":"pt-BR","@id":"https:\/\/www.seguroscred.com\/#\/schema\/person\/image\/","url":"https:\/\/secure.gravatar.com\/avatar\/bdfb867082b0cabbd7e23769f8f132f6?s=96&d=mm&r=g","contentUrl":"https:\/\/secure.gravatar.com\/avatar\/bdfb867082b0cabbd7e23769f8f132f6?s=96&d=mm&r=g","caption":"seguroscred"},"sameAs":["http:\/\/www.seguroscred.com"],"url":"https:\/\/www.seguroscred.com\/pt\/author\/seguroscred\/"}]}},"_links":{"self":[{"href":"https:\/\/www.seguroscred.com\/pt\/wp-json\/wp\/v2\/posts\/518","targetHints":{"allow":["GET"]}}],"collection":[{"href":"https:\/\/www.seguroscred.com\/pt\/wp-json\/wp\/v2\/posts"}],"about":[{"href":"https:\/\/www.seguroscred.com\/pt\/wp-json\/wp\/v2\/types\/post"}],"author":[{"embeddable":true,"href":"https:\/\/www.seguroscred.com\/pt\/wp-json\/wp\/v2\/users\/1"}],"replies":[{"embeddable":true,"href":"https:\/\/www.seguroscred.com\/pt\/wp-json\/wp\/v2\/comments?post=518"}],"version-history":[{"count":2,"href":"https:\/\/www.seguroscred.com\/pt\/wp-json\/wp\/v2\/posts\/518\/revisions"}],"predecessor-version":[{"id":526,"href":"https:\/\/www.seguroscred.com\/pt\/wp-json\/wp\/v2\/posts\/518\/revisions\/526"}],"wp:featuredmedia":[{"embeddable":true,"href":"https:\/\/www.seguroscred.com\/pt\/wp-json\/wp\/v2\/media\/523"}],"wp:attachment":[{"href":"https:\/\/www.seguroscred.com\/pt\/wp-json\/wp\/v2\/media?parent=518"}],"wp:term":[{"taxonomy":"category","embeddable":true,"href":"https:\/\/www.seguroscred.com\/pt\/wp-json\/wp\/v2\/categories?post=518"},{"taxonomy":"post_tag","embeddable":true,"href":"https:\/\/www.seguroscred.com\/pt\/wp-json\/wp\/v2\/tags?post=518"}],"curies":[{"name":"wp","href":"https:\/\/api.w.org\/{rel}","templated":true}]}}